{"id":991467,"date":"2026-08-31T08:24:04","date_gmt":"2026-08-31T08:24:04","guid":{"rendered":"https:\/\/abcfoundation.info\/?p=991467"},"modified":"2026-09-03T08:39:49","modified_gmt":"2026-09-03T08:39:49","slug":"takimet-me-prinderit-nje-hap-i-rendesishem-per-mbeshtetjen-e-femijeve-ne-nevoje-ne-bashkine-elbasan","status":"publish","type":"post","link":"https:\/\/abcfoundation.info\/en\/takimet-me-prinderit-nje-hap-i-rendesishem-per-mbeshtetjen-e-femijeve-ne-nevoje-ne-bashkine-elbasan\/","title":{"rendered":"Meetings with parents, an important step for supporting children in need in the Municipality of Elbasan"},"content":{"rendered":"<div data-elementor-type=\"wp-post\" data-elementor-id=\"991467\" class=\"elementor elementor-991467\" data-elementor-post-type=\"post\">\n\t\t\t\t<div class=\"elementor-element elementor-element-77b0ac83 e-flex e-con-boxed e-con e-parent\" data-id=\"77b0ac83\" data-element_type=\"container\" data-e-type=\"container\">\n\t\t\t\t\t<div class=\"e-con-inner\">\n\t\t\t\t<div class=\"vamtam-has-theme-widget-styles elementor-element elementor-element-30066e01 elementor-widget elementor-widget-text-editor\" data-id=\"30066e01\" data-element_type=\"widget\" data-e-type=\"widget\" data-widget_type=\"text-editor.default\">\n\t\t\t\t<div class=\"elementor-widget-container\">\n\t\t\t\t\t\t\t\t\t\n<p>Within the framework of the project\u00a0<strong>\u201cSafe Steps \u2013 Summer Program for Improving the Socio-Economic Status of Children in Need in the Municipality of Elbasan\u201d<\/strong>, meetings with parents have constituted an important component of the intervention, with a focus on strengthening family support and promoting children&#039;s well-being and development.<\/p>\n\n<p>During the months of July and August 2026, meetings were held with parents, where the importance of education, regular school attendance and the role of the family in supporting children during the learning process were discussed. These meetings created spaces for communication and interaction with families, encouraging their greater engagement in the education and development of children.<\/p>\n\n<p>Special attention was also paid to individual meetings with families. Through these meetings, the aim was to identify and address the specific needs of families, as well as to inform them about opportunities and social services that can contribute to improving their socio-economic situation.<\/p>\n\n<p>The project&#039;s approach emphasizes the importance of integrated support for children, where family, school, and support services collaborate to create the most favorable environment for their education, inclusion, and development.<\/p>\n\n<p><strong>ABC Foundation<\/strong>\u00a0supports initiatives that aim to empower children and families in need, promote social inclusion and create better opportunities for their development.<\/p>\n\n<p>Project\u00a0<strong>\u201cSafe Steps \u2013 Summer Program for Improving the Socio-Economic Status of Children in Need in the Municipality of Elbasan\u201d<\/strong>\u00a0implemented by\u00a0<strong>Egyptian and Roma Youth Movement (LRER)<\/strong>, with the financial support of\u00a0<strong>ABC Foundation<\/strong>.<\/p>\n\n<p><strong>About the project<\/strong><\/p>\n\n<p><strong>\u201cSafe Steps\u201d<\/strong>\u00a0is a program focused on supporting children in need and their families in the Municipality of Elbasan. Through the activities and interventions envisaged, the project aims to contribute to improving the socio-economic status of children, strengthening family support and increasing access to opportunities and services that help in their development and social inclusion.<\/p>\n\t\t\t\t\t\t\t\t<\/div>\n\t\t\t\t<\/div>\n\t\t\t\t\t<\/div>\n\t\t\t\t<\/div>\n\t\t\t\t<\/div>","protected":false},"excerpt":{"rendered":"<p>N\u00eb kuad\u00ebr t\u00eb projektit\u00a0\u201cHapat e Sigurt \u2013 Program Veror p\u00ebr P\u00ebrmir\u00ebsimin e Statusit Social-Ekonomik t\u00eb F\u00ebmij\u00ebve n\u00eb Nevoj\u00eb n\u00eb Bashkin\u00eb Elbasan\u201d, takimet me prind\u00ebrit kan\u00eb p\u00ebrb\u00ebr\u00eb nj\u00eb komponent t\u00eb r\u00ebnd\u00ebsish\u00ebm t\u00eb nd\u00ebrhyrjes, me fokus forcimin e mb\u00ebshtetjes familjare dhe promovimin e mir\u00ebqenies dhe zhvillimit t\u00eb f\u00ebmij\u00ebve. Gjat\u00eb muajve korrik dhe gusht 2026, jan\u00eb zhvilluar takime&#8230;<\/p>","protected":false},"author":2,"featured_media":991468,"comment_status":"closed","ping_status":"open","sticky":false,"template":"","format":"standard","meta":{"footnotes":""},"categories":[47],"tags":[],"class_list":["post-991467","post","type-post","status-publish","format-standard","has-post-thumbnail","hentry","category-aktivitete"],"_links":{"self":[{"href":"https:\/\/abcfoundation.info\/en\/wp-json\/wp\/v2\/posts\/991467","targetHints":{"allow":["GET"]}}],"collection":[{"href":"https:\/\/abcfoundation.info\/en\/wp-json\/wp\/v2\/posts"}],"about":[{"href":"https:\/\/abcfoundation.info\/en\/wp-json\/wp\/v2\/types\/post"}],"author":[{"embeddable":true,"href":"https:\/\/abcfoundation.info\/en\/wp-json\/wp\/v2\/users\/2"}],"replies":[{"embeddable":true,"href":"https:\/\/abcfoundation.info\/en\/wp-json\/wp\/v2\/comments?post=991467"}],"version-history":[{"count":4,"href":"https:\/\/abcfoundation.info\/en\/wp-json\/wp\/v2\/posts\/991467\/revisions"}],"predecessor-version":[{"id":991472,"href":"https:\/\/abcfoundation.info\/en\/wp-json\/wp\/v2\/posts\/991467\/revisions\/991472"}],"wp:featuredmedia":[{"embeddable":true,"href":"https:\/\/abcfoundation.info\/en\/wp-json\/wp\/v2\/media\/991468"}],"wp:attachment":[{"href":"https:\/\/abcfoundation.info\/en\/wp-json\/wp\/v2\/media?parent=991467"}],"wp:term":[{"taxonomy":"category","embeddable":true,"href":"https:\/\/abcfoundation.info\/en\/wp-json\/wp\/v2\/categories?post=991467"},{"taxonomy":"post_tag","embeddable":true,"href":"https:\/\/abcfoundation.info\/en\/wp-json\/wp\/v2\/tags?post=991467"}],"curies":[{"name":"wp","href":"https:\/\/api.w.org\/{rel}","templated":true}]}}